{"id":3102,"date":"2022-04-05T12:58:39","date_gmt":"2022-04-05T10:58:39","guid":{"rendered":"https:\/\/www.heroes-world.de\/?p=3102"},"modified":"2022-04-08T09:14:43","modified_gmt":"2022-04-08T07:14:43","slug":"a-pilgrimage-to-my-inner-self","status":"publish","type":"post","link":"https:\/\/www.heroes-world.de\/en\/blog\/2022\/04\/05\/a-pilgrimage-to-my-inner-self\/","title":{"rendered":"A Pilgrimage to My Inner Self"},"content":{"rendered":"<section class=\"l-section wpb_row height_medium\"><div class=\"l-section-h i-cf\"><div class=\"g-cols vc_row via_grid cols_1 laptops-cols_inherit tablets-cols_inherit mobiles-cols_1 valign_top type_default stacking_default\"><div class=\"wpb_column vc_column_container\"><div class=\"vc_column-inner\"><div class=\"g-cols wpb_row via_grid cols_1 laptops-cols_inherit tablets-cols_inherit mobiles-cols_1 valign_top type_default stacking_default\" style=\"--columns-gap:3rem;\"><div class=\"wpb_column vc_column_container\"><div class=\"vc_column-inner\"><div class=\"wpb_text_column\"><div class=\"wpb_wrapper\"><p><strong>250 kilometers, 350,000 steps and a very personal realization. At the start of the year, photographer and blithe spirit <a href=\"https:\/\/www.instagram.com\/danielhuber.life\/\">Daniel Huber<\/a> embarked on a pilgrimage through Bavaria. His trek took him far from his bed, shower and washing machine at home. Instead, he relied on donations and traveled an emotional journey filled with surprises.<\/strong><\/p>\n<\/div><\/div><div class=\"wpb_text_column\"><div class=\"wpb_wrapper\"><h2>Departing from home<\/h2>\n<p>Huber, a native of Vohburg in the heart of Bavaria, had it all mapped out. He would walk along the Danube, with Passau as his destination. Daniel had chugged along the route in a rubber dinghy as a child. \u201cVisiting my relatives in Passau was always a highlight for me,\u201d he says. So, this was a journey to the past, with Huber all on his own. \u201cNothing to hear, nothing to see \u2013 just switching off for once and seeing what happens, recharging my batteries for my next season as a photographer, and a chance to listen to my inner dialog,\u201d says the 36 year old as he outlines his intentions.<\/p>\n<p>However, there was another motivating factor for Daniel. He had attempted the journey once before, back in 2020, but was forced to abandon it. He\u2019d been wearing the wrong clothing, the wrong shoes, and his feet had ended up covered in bloody blisters. \u201cThat really annoyed me, so I told myself that I needed to be smart about it this time!\u201d<\/p>\n<\/div><\/div><div class=\"w-image us_custom_54e7f678 align_center\"><div class=\"w-image-h\"><img decoding=\"async\" width=\"533\" height=\"800\" src=\"https:\/\/www.heroes-world.de\/wp-content\/uploads\/2022\/03\/20220407_Pilgertour-zum-eigenen-Ich_Daniel-Huber_Beitragsbild08.jpg\" class=\"attachment-full size-full\" alt=\"Daniel auf einem verschneitem Steg bei seiner Probewander\" loading=\"lazy\" srcset=\"https:\/\/www.heroes-world.de\/wp-content\/uploads\/2022\/03\/20220407_Pilgertour-zum-eigenen-Ich_Daniel-Huber_Beitragsbild08.jpg 533w, https:\/\/www.heroes-world.de\/wp-content\/uploads\/2022\/03\/20220407_Pilgertour-zum-eigenen-Ich_Daniel-Huber_Beitragsbild08-200x300.jpg 200w\" sizes=\"auto, (max-width: 533px) 100vw, 533px\" \/><\/div><\/div><div class=\"wpb_text_column\"><div class=\"wpb_wrapper\"><h2>Preparing for the 250-kilometer walk<\/h2>\n<p>Four weeks before setting off, Daniel started getting himself ready. He logged 15 to 20 thousand steps per day as a minimum. Instead of wearing sneakers as he did last time, he bought some decent walking shoes and onion-style functional clothing. The first acid test was a trial run of 25 kilometers. The clothes fitted, the shoes proved sturdy, nothing rubbed or nipped \u2013 all set for the get-go!<\/p>\n<p>The passionate barefoot walker also spoiled himself with a little spa day before setting off. \u201cI paid my physiotherapist a visit and booked myself a 90-minute reflexology massage for my feet,\u201d he recalls with a smile. He also had his leg, which carries the scars of his years playing soccer, taped up in preparation. And so, wrapped in strips of blue sports tape, he set off on February 2, 2022.<\/p>\n<\/div><\/div><div class=\"w-slider style_none fit_scaledown nav_none count_3\"><div class=\"w-slider-h\"><div class=\"royalSlider\"><div class=\"rsContent\"><a class=\"rsImg\" data-rsw=\"800\" data-rsh=\"533\" href=\"https:\/\/www.heroes-world.de\/wp-content\/uploads\/2022\/03\/20220407_Pilgertour-zum-eigenen-Ich_Daniel-Huber_Beitragsbild04.jpg\"><span data-alt=\"Sonnenuntergang auf Daniels Pilgerstrecke\"><\/span><\/a><\/div><div class=\"rsContent\"><a class=\"rsImg\" data-rsw=\"800\" data-rsh=\"533\" href=\"https:\/\/www.heroes-world.de\/wp-content\/uploads\/2022\/03\/20220407_Pilgertour-zum-eigenen-Ich_Daniel-Huber_Beitragsbild03.jpg\"><span data-alt=\"Daniel auf Pilgertour\"><\/span><\/a><\/div><div class=\"rsContent\"><a class=\"rsImg\" data-rsw=\"800\" data-rsh=\"533\" href=\"https:\/\/www.heroes-world.de\/wp-content\/uploads\/2022\/03\/20220407_Pilgertour-zum-eigenen-Ich_Daniel-Huber_Beitragsbild02.jpg\"><span data-alt=\"ein nebeliger Feldweg\"><\/span><\/a><\/div><\/div><img decoding=\"async\" src=\"https:\/\/www.heroes-world.de\/wp-content\/uploads\/2022\/03\/20220407_Pilgertour-zum-eigenen-Ich_Daniel-Huber_Beitragsbild04.jpg\" width=\"800\" height=\"533\" alt=\"Sonnenuntergang auf Daniels Pilgerstrecke\" loading=\"lazy\"><\/div><div class=\"w-slider-json\" onclick='return {&quot;autoScaleSlider&quot;:true,&quot;addActiveClass&quot;:true,&quot;loop&quot;:true,&quot;fadeInLoadedSlide&quot;:false,&quot;slidesSpacing&quot;:0,&quot;imageScalePadding&quot;:0,&quot;numImagesToPreload&quot;:2,&quot;arrowsNav&quot;:true,&quot;arrowsNavAutoHide&quot;:false,&quot;transitionType&quot;:&quot;move&quot;,&quot;transitionSpeed&quot;:250,&quot;block&quot;:{&quot;moveEffect&quot;:&quot;none&quot;,&quot;speed&quot;:300},&quot;thumbs&quot;:{&quot;fitInViewport&quot;:false,&quot;firstMargin&quot;:false,&quot;spacing&quot;:4},&quot;controlNavigation&quot;:&quot;none&quot;,&quot;autoScaleSliderWidth&quot;:800,&quot;autoScaleSliderHeight&quot;:533}'><\/div><\/div><div class=\"w-separator size_small\"><\/div><div class=\"wpb_text_column\"><div class=\"wpb_wrapper\"><h2>High hurdles and magical moments<\/h2>\n<p>Daniel shared his experiences with family and friends via Instagram. He also tried to forge his path using donations alone. \u201cBefore I had even set off, I had \u20ac80 in my online account,\u201d he says, recalling his astonishment. In total, he says he received \u20ac600, with some coming from friends but some from new followers he gained along the way. That said, money isn\u2019t everything. Daniel also needed an extensive network and hospitable people \u2013 as he discovered on his first night. \u201cI got completely lost and ended up taking an eight-kilometer detour,\u201d he says, shaking his head. \u201cIt was far too late to book something at such short notice. So, I put up a post asking for help.\u201d Within 15 minutes, he had found accommodation in Kelheim and was able to spend the night on the couch of someone he had never met, cuddled up with their two cats.<\/p>\n<\/div><\/div><div class=\"w-image us_custom_54e7f678 align_center\"><div class=\"w-image-h\"><img decoding=\"async\" width=\"533\" height=\"800\" src=\"https:\/\/www.heroes-world.de\/wp-content\/uploads\/2022\/03\/20220407_Pilgertour-zum-eigenen-Ich_Daniel-Huber_Beitragsbild05.jpg\" class=\"attachment-full size-full\" alt=\"Daniel sitzt auf den Stufen der Wal\" loading=\"lazy\" srcset=\"https:\/\/www.heroes-world.de\/wp-content\/uploads\/2022\/03\/20220407_Pilgertour-zum-eigenen-Ich_Daniel-Huber_Beitragsbild05.jpg 533w, https:\/\/www.heroes-world.de\/wp-content\/uploads\/2022\/03\/20220407_Pilgertour-zum-eigenen-Ich_Daniel-Huber_Beitragsbild05-200x300.jpg 200w\" sizes=\"auto, (max-width: 533px) 100vw, 533px\" \/><\/div><\/div><div class=\"wpb_text_column\"><div class=\"wpb_wrapper\"><p>The following day, he arrived in Regensburg, where another surprise awaited him. Although he had arranged accommodation in the city, the people he had planned to stay with had been forced into isolation shortly before his arrival. Daniel, who got the news while washing his clothes in a laundromat, was not able to stay with them. That meant another post asking for help \u2013 and another slice of luck! \u201cI got a message from my cousin, telling me that we had relatives in Regensburg. So, I walked four kilometers to their house with my wet laundry in my backpack. Thankfully, they let me crash there and we stayed up until midnight having a lovely conversation.\u201d<\/p>\n<\/div><\/div><div class=\"w-image us_custom_54e7f678 align_center\"><div class=\"w-image-h\"><img decoding=\"async\" width=\"533\" height=\"800\" src=\"https:\/\/www.heroes-world.de\/wp-content\/uploads\/2022\/03\/20220407_Pilgertour-zum-eigenen-Ich_Daniel-Huber_Beitragsbild06.jpg\" class=\"attachment-full size-full\" alt=\"Daniel h\u00e4lt den gelben Fu\u00dfball gl\u00fccklich in die Kamera\" loading=\"lazy\" srcset=\"https:\/\/www.heroes-world.de\/wp-content\/uploads\/2022\/03\/20220407_Pilgertour-zum-eigenen-Ich_Daniel-Huber_Beitragsbild06.jpg 533w, https:\/\/www.heroes-world.de\/wp-content\/uploads\/2022\/03\/20220407_Pilgertour-zum-eigenen-Ich_Daniel-Huber_Beitragsbild06-200x300.jpg 200w\" sizes=\"auto, (max-width: 533px) 100vw, 533px\" \/><\/div><\/div><div class=\"wpb_text_column\"><div class=\"wpb_wrapper\"><p>When asked about his favorite moment during his pilgrimage, one image instantly springs to Daniel\u2019s mind: a tattered, yellow soccer ball, almost entirely deflated, lying by the side of the path. \u201cIn that moment, all my pain disappeared. I felt like a kid again and kicked the ball along for an hour and a half.\u201d As a parting gift \u2013 and a small homage to Wilson from \u2018Cast Away\u2019 \u2013 Daniel drew a smiley face on the ball when he left.<\/p>\n<\/div><\/div><div class=\"w-image us_custom_54e7f678 align_none\"><div class=\"w-image-h\"><img decoding=\"async\" width=\"800\" height=\"533\" src=\"https:\/\/www.heroes-world.de\/wp-content\/uploads\/2022\/03\/20220407_Pilgertour-zum-eigenen-Ich_Daniel-Huber_Beitragsbild01.jpg\" class=\"attachment-full size-full\" alt=\"Daniels analoge Kamera (Olympus OM1)\" loading=\"lazy\" srcset=\"https:\/\/www.heroes-world.de\/wp-content\/uploads\/2022\/03\/20220407_Pilgertour-zum-eigenen-Ich_Daniel-Huber_Beitragsbild01.jpg 800w, https:\/\/www.heroes-world.de\/wp-content\/uploads\/2022\/03\/20220407_Pilgertour-zum-eigenen-Ich_Daniel-Huber_Beitragsbild01-300x200.jpg 300w\" sizes=\"auto, (max-width: 800px) 100vw, 800px\" \/><\/div><\/div><div class=\"wpb_text_column\"><div class=\"wpb_wrapper\"><h2>Maximum deceleration<\/h2>\n<p>If you\u2019ve met Daniel or follow him on social media, you\u2019ll know how he communicates. \u2018Hubi\u2019, as his friends call him, always smiles cheerfully into the camera and gladly provides daily reports on his life and work. He documented his pilgrimage with his usual diligence, even producing a short podcast series. \u201cRight at the beginning, I felt a strong sense of disquiet. I was impatient, wrought, and full of zest and drive. I was longing for change but had no plan for achieving it.\u201d<\/p>\n<p>So, instead of just putting his phone in his pocket, he would stuff it deep into his backpack and simply set off walking for four hours at a time. And, when he did stumble across a special moment he wanted to capture, Daniel would reach for his analog camera, a 50-year-old Olympus OM1. \u201cYou start to think very carefully about how you use your resources. Will you take a snapshot of this moment with you or keep it just for yourself? That grounds you and also makes you thankful.\u201d<\/p>\n<\/div><\/div><div class=\"wpb_text_column\"><div class=\"wpb_wrapper\"><p><center><div class=\"BorlabsCookie _brlbs-cb-instagram\"><div class=\"_brlbs-content-blocker\"> <div class=\"_brlbs-embed _brlbs-instagram\"> <img decoding=\"async\" class=\"_brlbs-thumbnail\" src=\"https:\/\/www.heroes-world.de\/wp-content\/plugins\/borlabs-cookie\/assets\/images\/cb-instagram.png\" alt=\"Instagram\"> <div class=\"_brlbs-caption\"> <p>Mit dem Laden des Beitrags akzeptieren Sie die Datenschutzerkl\u00e4rung von Instagram.<br><a href=\"https:\/\/www.instagram.com\/legal\/privacy\/\" target=\"_blank\" rel=\"nofollow noopener noreferrer\">Mehr erfahren<\/a><\/p> <p><a class=\"_brlbs-btn\" href=\"#\" data-borlabs-cookie-unblock role=\"button\">Beitrag laden<\/a><\/p> <p><label><input type=\"checkbox\" name=\"unblockAll\" value=\"1\" checked> <small>Instagram-Beitr\u00e4ge immer entsperren<\/small><\/label><\/p> <\/div> <\/div> <\/div><div class=\"borlabs-hide\" data-borlabs-cookie-type=\"content-blocker\" data-borlabs-cookie-id=\"instagram\"><script type=\"text\/template\">PGlmcmFtZSBzcmM9Imh0dHBzOi8vd3d3Lmluc3RhZ3JhbS5jb20vcC9DYVFKRk1pZ1QyXy9lbWJlZCIgd2lkdGg9IjMyMCIgaGVpZ2h0PSI0NjAiIGZyYW1lYm9yZGVyPSIwIj48L2lmcmFtZT4=<\/script><\/div><\/div><\/center><\/p>\n<\/div><\/div><div class=\"wpb_text_column\"><div class=\"wpb_wrapper\"><h2>Embracing a new world of emotion<\/h2>\n<p>On February 12, Daniel reached Passau. His arrival was less than spectacular, taking him through an industrial estate by the harbor on the Danube. However, as he walked into the heart of the Old Town where the Ilz and Inn open into the Danube, he knew on an emotional level that he had arrived. He sat on a bollard beside the harbor and looked into the water. \u201cNow it feels right,\u201d he thought, as pride and gratitude enveloped him. This ten-day journey had made a lasting impression and taught him a crucial lesson: \u201cYou can do anything if you show patience.\u201d<\/p>\n<p>Inspired by the experience and enriched on a spiritual level, Daniel is already drawing up plans for his next adventure. Next year, he hopes to walk 1,500 kilometers on the Japanese island of Shikoku. A Buddhist pilgrimage route will take him past 88 sacred locations. \u201cIt\u2019s an investment in myself. I\u2019m saving up for it and then I\u2019ll be gone for six months.\u201d Gone? Well, not completely. After all, he definitely won\u2019t be able to resist an Instagram post or two.<\/p>\n<\/div><\/div><div class=\"w-image us_custom_54e7f678 align_center\"><div class=\"w-image-h\"><img decoding=\"async\" width=\"533\" height=\"800\" src=\"https:\/\/www.heroes-world.de\/wp-content\/uploads\/2022\/03\/20220407_Pilgertour-zum-eigenen-Ich_Daniel-Huber_Beitragsbild07.jpg\" class=\"attachment-full size-full\" alt=\"\" loading=\"lazy\" srcset=\"https:\/\/www.heroes-world.de\/wp-content\/uploads\/2022\/03\/20220407_Pilgertour-zum-eigenen-Ich_Daniel-Huber_Beitragsbild07.jpg 533w, https:\/\/www.heroes-world.de\/wp-content\/uploads\/2022\/03\/20220407_Pilgertour-zum-eigenen-Ich_Daniel-Huber_Beitragsbild07-200x300.jpg 200w\" sizes=\"auto, (max-width: 533px) 100vw, 533px\" \/><\/div><\/div><\/div><\/div><\/div><\/div><\/div><\/div><\/div><\/section>\n","protected":false},"excerpt":{"rendered":"<p>Photographer Daniel Huber embarked on a pilgrimage through Bavaria. He relied on donations and traveled an emotional journey filled with surprises.<\/p>\n","protected":false},"author":4,"featured_media":3109,"comment_status":"closed","ping_status":"closed","sticky":false,"template":"","format":"standard","meta":{"_acf_changed":false,"footnotes":""},"categories":[128],"tags":[155,135],"class_list":["post-3102","post","type-post","status-publish","format-standard","has-post-thumbnail","hentry","category-adventure","tag-adventure-trip","tag-read"],"acf":[],"yoast_head":"<!-- This site is optimized with the Yoast SEO Premium plugin v25.0 (Yoast SEO v25.0) - https:\/\/yoast.com\/wordpress\/plugins\/seo\/ -->\n<title>A Pilgrimage to My Inner Self - HEROES WORLD<\/title>\n<meta name=\"robots\" content=\"index, follow, max-snippet:-1, max-image-preview:large, max-video-preview:-1\" \/>\n<link rel=\"canonical\" href=\"https:\/\/www.heroes-world.de\/en\/blog\/2022\/04\/05\/a-pilgrimage-to-my-inner-self\/\" \/>\n<meta property=\"og:locale\" content=\"en_US\" \/>\n<meta property=\"og:type\" content=\"article\" \/>\n<meta property=\"og:title\" content=\"A Pilgrimage to My Inner Self\" \/>\n<meta property=\"og:description\" content=\"Photographer Daniel Huber embarked on a pilgrimage through Bavaria. He relied on donations and traveled an emotional journey filled with surprises.\" \/>\n<meta property=\"og:url\" content=\"https:\/\/www.heroes-world.de\/en\/blog\/2022\/04\/05\/a-pilgrimage-to-my-inner-self\/\" \/>\n<meta property=\"og:site_name\" content=\"HEROES WORLD\" \/>\n<meta property=\"article:published_time\" content=\"2022-04-05T10:58:39+00:00\" \/>\n<meta property=\"article:modified_time\" content=\"2022-04-08T07:14:43+00:00\" \/>\n<meta property=\"og:image\" content=\"https:\/\/www.heroes-world.de\/wp-content\/uploads\/2022\/04\/20220407_Pilgertour-zum-eigenen-Ich_Daniel-Huber_Headerbild-2.jpg\" \/>\n\t<meta property=\"og:image:width\" content=\"1200\" \/>\n\t<meta property=\"og:image:height\" content=\"800\" \/>\n\t<meta property=\"og:image:type\" content=\"image\/jpeg\" \/>\n<meta name=\"author\" content=\"Inge Fuchs\" \/>\n<meta name=\"twitter:card\" content=\"summary_large_image\" \/>\n<meta name=\"twitter:label1\" content=\"Written by\" \/>\n\t<meta name=\"twitter:data1\" content=\"Inge Fuchs\" \/>\n\t<meta name=\"twitter:label2\" content=\"Est. reading time\" \/>\n\t<meta name=\"twitter:data2\" content=\"7 minutes\" \/>\n<script type=\"application\/ld+json\" class=\"yoast-schema-graph\">{\"@context\":\"https:\/\/schema.org\",\"@graph\":[{\"@type\":\"WebPage\",\"@id\":\"https:\/\/www.heroes-world.de\/en\/blog\/2022\/04\/05\/a-pilgrimage-to-my-inner-self\/\",\"url\":\"https:\/\/www.heroes-world.de\/en\/blog\/2022\/04\/05\/a-pilgrimage-to-my-inner-self\/\",\"name\":\"A Pilgrimage to My Inner Self - HEROES WORLD\",\"isPartOf\":{\"@id\":\"https:\/\/www.heroes-world.de\/en\/#website\"},\"primaryImageOfPage\":{\"@id\":\"https:\/\/www.heroes-world.de\/en\/blog\/2022\/04\/05\/a-pilgrimage-to-my-inner-self\/#primaryimage\"},\"image\":{\"@id\":\"https:\/\/www.heroes-world.de\/en\/blog\/2022\/04\/05\/a-pilgrimage-to-my-inner-self\/#primaryimage\"},\"thumbnailUrl\":\"https:\/\/www.heroes-world.de\/wp-content\/uploads\/2022\/04\/20220407_Pilgertour-zum-eigenen-Ich_Daniel-Huber_Headerbild-2.jpg\",\"datePublished\":\"2022-04-05T10:58:39+00:00\",\"dateModified\":\"2022-04-08T07:14:43+00:00\",\"author\":{\"@id\":\"https:\/\/www.heroes-world.de\/en\/#\/schema\/person\/b831b2fc035e94acd9fab05aaf9959f3\"},\"breadcrumb\":{\"@id\":\"https:\/\/www.heroes-world.de\/en\/blog\/2022\/04\/05\/a-pilgrimage-to-my-inner-self\/#breadcrumb\"},\"inLanguage\":\"en-US\",\"potentialAction\":[{\"@type\":\"ReadAction\",\"target\":[\"https:\/\/www.heroes-world.de\/en\/blog\/2022\/04\/05\/a-pilgrimage-to-my-inner-self\/\"]}]},{\"@type\":\"ImageObject\",\"inLanguage\":\"en-US\",\"@id\":\"https:\/\/www.heroes-world.de\/en\/blog\/2022\/04\/05\/a-pilgrimage-to-my-inner-self\/#primaryimage\",\"url\":\"https:\/\/www.heroes-world.de\/wp-content\/uploads\/2022\/04\/20220407_Pilgertour-zum-eigenen-Ich_Daniel-Huber_Headerbild-2.jpg\",\"contentUrl\":\"https:\/\/www.heroes-world.de\/wp-content\/uploads\/2022\/04\/20220407_Pilgertour-zum-eigenen-Ich_Daniel-Huber_Headerbild-2.jpg\",\"width\":1200,\"height\":800,\"caption\":\"Daniel marschiert auf die Kamera zu\"},{\"@type\":\"BreadcrumbList\",\"@id\":\"https:\/\/www.heroes-world.de\/en\/blog\/2022\/04\/05\/a-pilgrimage-to-my-inner-self\/#breadcrumb\",\"itemListElement\":[{\"@type\":\"ListItem\",\"position\":1,\"name\":\"Startseite\",\"item\":\"https:\/\/www.heroes-world.de\/en\/\"},{\"@type\":\"ListItem\",\"position\":2,\"name\":\"A Pilgrimage to My Inner Self\"}]},{\"@type\":\"WebSite\",\"@id\":\"https:\/\/www.heroes-world.de\/en\/#website\",\"url\":\"https:\/\/www.heroes-world.de\/en\/\",\"name\":\"HEROES WORLD\",\"description\":\"Das Magazin f\u00fcr Retter, Erschaffer und Abenteurer\",\"potentialAction\":[{\"@type\":\"SearchAction\",\"target\":{\"@type\":\"EntryPoint\",\"urlTemplate\":\"https:\/\/www.heroes-world.de\/en\/?s={search_term_string}\"},\"query-input\":{\"@type\":\"PropertyValueSpecification\",\"valueRequired\":true,\"valueName\":\"search_term_string\"}}],\"inLanguage\":\"en-US\"},{\"@type\":\"Person\",\"@id\":\"https:\/\/www.heroes-world.de\/en\/#\/schema\/person\/b831b2fc035e94acd9fab05aaf9959f3\",\"name\":\"Inge Fuchs\",\"url\":\"https:\/\/www.heroes-world.de\/en\/blog\/author\/fuchs\/\"}]}<\/script>\n<!-- \/ Yoast SEO Premium plugin. -->","yoast_head_json":{"title":"A Pilgrimage to My Inner Self - HEROES WORLD","robots":{"index":"index","follow":"follow","max-snippet":"max-snippet:-1","max-image-preview":"max-image-preview:large","max-video-preview":"max-video-preview:-1"},"canonical":"https:\/\/www.heroes-world.de\/en\/blog\/2022\/04\/05\/a-pilgrimage-to-my-inner-self\/","og_locale":"en_US","og_type":"article","og_title":"A Pilgrimage to My Inner Self","og_description":"Photographer Daniel Huber embarked on a pilgrimage through Bavaria. He relied on donations and traveled an emotional journey filled with surprises.","og_url":"https:\/\/www.heroes-world.de\/en\/blog\/2022\/04\/05\/a-pilgrimage-to-my-inner-self\/","og_site_name":"HEROES WORLD","article_published_time":"2022-04-05T10:58:39+00:00","article_modified_time":"2022-04-08T07:14:43+00:00","og_image":[{"width":1200,"height":800,"url":"https:\/\/www.heroes-world.de\/wp-content\/uploads\/2022\/04\/20220407_Pilgertour-zum-eigenen-Ich_Daniel-Huber_Headerbild-2.jpg","type":"image\/jpeg"}],"author":"Inge Fuchs","twitter_card":"summary_large_image","twitter_misc":{"Written by":"Inge Fuchs","Est. reading time":"7 minutes"},"schema":{"@context":"https:\/\/schema.org","@graph":[{"@type":"WebPage","@id":"https:\/\/www.heroes-world.de\/en\/blog\/2022\/04\/05\/a-pilgrimage-to-my-inner-self\/","url":"https:\/\/www.heroes-world.de\/en\/blog\/2022\/04\/05\/a-pilgrimage-to-my-inner-self\/","name":"A Pilgrimage to My Inner Self - HEROES WORLD","isPartOf":{"@id":"https:\/\/www.heroes-world.de\/en\/#website"},"primaryImageOfPage":{"@id":"https:\/\/www.heroes-world.de\/en\/blog\/2022\/04\/05\/a-pilgrimage-to-my-inner-self\/#primaryimage"},"image":{"@id":"https:\/\/www.heroes-world.de\/en\/blog\/2022\/04\/05\/a-pilgrimage-to-my-inner-self\/#primaryimage"},"thumbnailUrl":"https:\/\/www.heroes-world.de\/wp-content\/uploads\/2022\/04\/20220407_Pilgertour-zum-eigenen-Ich_Daniel-Huber_Headerbild-2.jpg","datePublished":"2022-04-05T10:58:39+00:00","dateModified":"2022-04-08T07:14:43+00:00","author":{"@id":"https:\/\/www.heroes-world.de\/en\/#\/schema\/person\/b831b2fc035e94acd9fab05aaf9959f3"},"breadcrumb":{"@id":"https:\/\/www.heroes-world.de\/en\/blog\/2022\/04\/05\/a-pilgrimage-to-my-inner-self\/#breadcrumb"},"inLanguage":"en-US","potentialAction":[{"@type":"ReadAction","target":["https:\/\/www.heroes-world.de\/en\/blog\/2022\/04\/05\/a-pilgrimage-to-my-inner-self\/"]}]},{"@type":"ImageObject","inLanguage":"en-US","@id":"https:\/\/www.heroes-world.de\/en\/blog\/2022\/04\/05\/a-pilgrimage-to-my-inner-self\/#primaryimage","url":"https:\/\/www.heroes-world.de\/wp-content\/uploads\/2022\/04\/20220407_Pilgertour-zum-eigenen-Ich_Daniel-Huber_Headerbild-2.jpg","contentUrl":"https:\/\/www.heroes-world.de\/wp-content\/uploads\/2022\/04\/20220407_Pilgertour-zum-eigenen-Ich_Daniel-Huber_Headerbild-2.jpg","width":1200,"height":800,"caption":"Daniel marschiert auf die Kamera zu"},{"@type":"BreadcrumbList","@id":"https:\/\/www.heroes-world.de\/en\/blog\/2022\/04\/05\/a-pilgrimage-to-my-inner-self\/#breadcrumb","itemListElement":[{"@type":"ListItem","position":1,"name":"Startseite","item":"https:\/\/www.heroes-world.de\/en\/"},{"@type":"ListItem","position":2,"name":"A Pilgrimage to My Inner Self"}]},{"@type":"WebSite","@id":"https:\/\/www.heroes-world.de\/en\/#website","url":"https:\/\/www.heroes-world.de\/en\/","name":"HEROES WORLD","description":"Das Magazin f\u00fcr Retter, Erschaffer und Abenteurer","potentialAction":[{"@type":"SearchAction","target":{"@type":"EntryPoint","urlTemplate":"https:\/\/www.heroes-world.de\/en\/?s={search_term_string}"},"query-input":{"@type":"PropertyValueSpecification","valueRequired":true,"valueName":"search_term_string"}}],"inLanguage":"en-US"},{"@type":"Person","@id":"https:\/\/www.heroes-world.de\/en\/#\/schema\/person\/b831b2fc035e94acd9fab05aaf9959f3","name":"Inge Fuchs","url":"https:\/\/www.heroes-world.de\/en\/blog\/author\/fuchs\/"}]}},"_links":{"self":[{"href":"https:\/\/www.heroes-world.de\/en\/wp-json\/wp\/v2\/posts\/3102","targetHints":{"allow":["GET"]}}],"collection":[{"href":"https:\/\/www.heroes-world.de\/en\/wp-json\/wp\/v2\/posts"}],"about":[{"href":"https:\/\/www.heroes-world.de\/en\/wp-json\/wp\/v2\/types\/post"}],"author":[{"embeddable":true,"href":"https:\/\/www.heroes-world.de\/en\/wp-json\/wp\/v2\/users\/4"}],"replies":[{"embeddable":true,"href":"https:\/\/www.heroes-world.de\/en\/wp-json\/wp\/v2\/comments?post=3102"}],"version-history":[{"count":5,"href":"https:\/\/www.heroes-world.de\/en\/wp-json\/wp\/v2\/posts\/3102\/revisions"}],"predecessor-version":[{"id":3113,"href":"https:\/\/www.heroes-world.de\/en\/wp-json\/wp\/v2\/posts\/3102\/revisions\/3113"}],"wp:featuredmedia":[{"embeddable":true,"href":"https:\/\/www.heroes-world.de\/en\/wp-json\/wp\/v2\/media\/3109"}],"wp:attachment":[{"href":"https:\/\/www.heroes-world.de\/en\/wp-json\/wp\/v2\/media?parent=3102"}],"wp:term":[{"taxonomy":"category","embeddable":true,"href":"https:\/\/www.heroes-world.de\/en\/wp-json\/wp\/v2\/categories?post=3102"},{"taxonomy":"post_tag","embeddable":true,"href":"https:\/\/www.heroes-world.de\/en\/wp-json\/wp\/v2\/tags?post=3102"}],"curies":[{"name":"wp","href":"https:\/\/api.w.org\/{rel}","templated":true}]}}